{"@context":"https:\/\/schema.org\/","@type":"CollectionPage","@id":"https:\/\/www.asmiba.sk\/kultura\/#CollectionPage","headline":"Kult\u00fara Category","description":"","url":"https:\/\/www.asmiba.sk\/kultura\/","hasPart":[{"@type":"Article","@id":"https:\/\/www.asmiba.sk\/preco-sa-mam-kulturne-vzdelat\/","headline":"Pre\u010do sa m\u00e1m kult\u00farne vzdela\u0165?","url":"https:\/\/www.asmiba.sk\/preco-sa-mam-kulturne-vzdelat\/","datePublished":"2019-10-14","dateModified":"2019-10-14","mainEntityOfPage":"https:\/\/www.asmiba.sk\/preco-sa-mam-kulturne-vzdelat\/","author":{"@type":"Person","@id":"https:\/\/www.asmiba.sk\/author\/#Person","name":"","url":"https:\/\/www.asmiba.sk\/author\/","identifier":1,"image":{"@type":"ImageObject","@id":"https:\/\/secure.gravatar.com\/avatar\/614460c3109f6ef46730ae87c5e2be623f574940fabcec1214dc0d8d5af688cf?s=96&d=mm&r=g","url":"https:\/\/secure.gravatar.com\/avatar\/614460c3109f6ef46730ae87c5e2be623f574940fabcec1214dc0d8d5af688cf?s=96&d=mm&r=g","height":96,"width":96}},"publisher":{"@type":"Organization","name":"asmiba.sk","logo":{"@type":"ImageObject","@id":"\/logo.png","url":"\/logo.png","width":600,"height":60}},"image":{"@type":"ImageObject","@id":"https:\/\/www.asmiba.sk\/wp-content\/uploads\/img_a307788_w16690_t1572270799.jpg","url":"https:\/\/www.asmiba.sk\/wp-content\/uploads\/img_a307788_w16690_t1572270799.jpg","height":0,"width":0},"keywords":null}]}